{"id":840,"date":"2025-05-16T11:08:16","date_gmt":"2025-05-16T11:08:16","guid":{"rendered":"https:\/\/andreasbraune.de\/?p=840"},"modified":"2025-05-16T11:12:46","modified_gmt":"2025-05-16T11:12:46","slug":"podiumsdiskussion-zur-schicksalswahl-in-rumaenien","status":"publish","type":"post","link":"https:\/\/www.andreasbraune.de\/?p=840","title":{"rendered":"Podiumsdiskussion zur Schicksalswahl in Rum\u00e4nien"},"content":{"rendered":"\n<p>Rum\u00e4nien scheint manchmal weit weg, doch ist die zur Zeit laufende Pr\u00e4sidentschaftswahl wichtiger, als man denken k\u00f6nnte. Zumal es ihr zweiter Anlauf ist, nachdem der erste Wahlgang Ende 2024 wegen massiver Wahlbeeinflussung annulliert worden war. Am 7.5. habe ich in Jena zusammen mit Jun.-Prof. Dr. Valeska Bopp-Filimonov \u00fcber diesen bislang einmaligen Vorgang in der EU und die anstehende Wahl eine Podiumsdiskussion moderiert.<\/p>\n\n\n\n<h2 class=\"wp-block-heading\">Rum\u00e4nien: n\u00e4her als man denkt<\/h2>\n\n\n\n<p>Manche meinen ja, Deutschland habe ein Migrationsproblem. Dabei profitiert kaum ein Land so sehr von Migration wie Deutschland. Im Rahmen der EU-Freiz\u00fcgigkeit leben zur Zeit ca. 900.000 rum\u00e4nische Staatsb\u00fcrgerinnen und -b\u00fcrger in Deutschland. Das ist die gr\u00f6\u00dfte Gruppe aus der EU und nach der T\u00fcrkei, der Ukraine und Syrien die viertgr\u00f6\u00dfte Gruppe insgesamt.<sup data-fn=\"5a5b36ad-d3b0-4def-b606-23b40abf7d5f\" class=\"fn\"><a href=\"#5a5b36ad-d3b0-4def-b606-23b40abf7d5f\" id=\"5a5b36ad-d3b0-4def-b606-23b40abf7d5f-link\">1<\/a><\/sup> Ein Gro\u00dfteil von ihnen arbeitet auf dem Bau, in der Pflege oder in der Fleisch- und Landwirtschaft; ein kleinerer Teil geh\u00f6rt zu den gut ausgebildeten Akademiker*innen, die f\u00fcr die Karriere ihr Heimatland verlassen. Ohne rum\u00e4nische Arbeitskraft s\u00e4he es vielerorts mau aus hierzulande.<\/p>\n\n\n\n<p>Seit seinem Beitritt zur EU im Jahr 2007 hat sich Rum\u00e4nien zu einem &#8222;heimlichen Star der EU-Osterweiterung&#8220;<sup data-fn=\"fc65eea7-b970-4eb5-9d66-fbfda4fc3f39\" class=\"fn\"><a href=\"#fc65eea7-b970-4eb5-9d66-fbfda4fc3f39\" id=\"fc65eea7-b970-4eb5-9d66-fbfda4fc3f39-link\">2<\/a><\/sup> entwickelt. Wirtschaftlicher Aufschwung, eine verl\u00e4sslich pro-europ\u00e4ische Grundstimmung, kaum Probleme mit Rechtspopulismus: Wenig aus Rum\u00e4nien zu h\u00f6ren war lange ein Zeichen von Verl\u00e4sslichkeit, gerade in Zeiten, in denen die St\u00f6renfriede wie Orban &amp; Co. die Schlagzeilen dominieren. \u00c4hnlich sieht es im Krieg Russlands gegen die Ukraine aus: Rum\u00e4nien hat eine 600 km lange Grenze mit der Ukraine und fast 700 km mit der Republik Moldau, die auch im Visier von Russlands hybrider Kriegsf\u00fchrung steht. Macht 1300 km EU-Au\u00dfengrenze. Als NATO-Mitglied (seit 2004) geh\u00f6rt Rum\u00e4nien zu den verl\u00e4sslichsten Unterst\u00fctzern Kiews und einer &#8218;gemeinsamen europ\u00e4ischen Antwort&#8216;. Zur Zeit wird der Luftwaffenst\u00fctzpunkt &#8222;Mihail Kog\u0103lniceanu&#8220; nahe der Hafenstadt Constan\u021ba zur gr\u00f6\u00dften NATO-Basis in Europa ausgebaut, deutlich gr\u00f6\u00dfer etwa als Ramstein in Deutschland. Die strategische Bedeutung Rum\u00e4niens in Richtung Schwarzmeerraum ist also kaum zu untersch\u00e4tzen.<\/p>\n\n\n\n<h2 class=\"wp-block-heading\">Europas Demokratien unter Druck: Kippt noch ein Land ins Putin-Lager?<\/h2>\n\n\n\n<p>Es ist daher wenig verwunderlich, dass Rum\u00e4nien ein lohnendes Ziel von Destabilisierungsbem\u00fchungen Russlands ist. Wie gewohnt setzt Moskau, das behauptet, in der Ukraine einen Krieg gegen den &#8218;Faschismus&#8216; zu f\u00fchren, auf die Kr\u00e4fte des Ressentiments, des Nationalismus und der Illiberalit\u00e4t. In Rum\u00e4nien wird dieses Lager zur Zeit von der Partei AUR angef\u00fchrt, die mit der faschistischen Vergangenheit Rum\u00e4niens kokettiert, ultranationalistisch ausgerichtet ist und aufgrund ihrer starken Betonung der Bedeutung des orthodoxen Glaubens auch der christlichen Rechten zugeordnet wird. Ihr Kandidat, der bis dahin weitgehend unbekannte Politiker C\u0103lin Georgescu, erzielte im ersten Wahlgang am 24. November 2024 mit 22,9 % der Stimmen \u00fcberraschend das beste Ergebnis aller Kandidaten. Diesen unerwarteten Erfolg verdankte Georgescu einer massiven Social-Media-Kampagne vor allem via TikTok, deren Finanzierung und Hinterm\u00e4nner bis heute nicht ganz gekl\u00e4rt sind und hinter der schnell der Kreml oder russische Akteure vermutet wurden. Wegen dieser ganz offensichtlich illegalen Wahlbeeinflussung annullierte das rum\u00e4nische Verfassungsgericht den ersten Wahlgang am 6. Dezember 2024 und ordnete eine Neuwahl an. <\/p>\n\n\n\n<p>Von dieser Neuwahl wurde C\u0103lin Georgescu von der obersten Wahlbeh\u00f6rde ausgeschlossen. An seiner Stelle tritt der AUR-Vorsitzende und ex-Hooligan George Simion f\u00fcr ihn an und erreichte im ersten Wahlgang am 4.5.2025 sogar 41% der Stimmen. Am 18. Mai steht die Stichwahl an, in der die pro-europ\u00e4ischen Hoffnungen auf dem parteilosen Bukarester B\u00fcrgermeister Nicu\u0219or Dan ruhen. Zwar erzielte er nur 21% der Stimmen, k\u00f6nnte aber das Rennen machen, wenn sich die \u00fcbrigen demokratischen Parteien hinter ihm sammeln und ihre Anh\u00e4nger zu seiner Wahl mobilisieren. F\u00fcr Rum\u00e4nien und die EU k\u00f6nnte davon sehr viel abh\u00e4ngen.<\/p>\n\n\n\n<h2 class=\"wp-block-heading\">Wehrhafte Demokratie in Aktion?<\/h2>\n\n\n\n<p>Das Besondere an diesem neuerlichen Kapitel der Destabilisierungsversuche ist, dass erstmals in der EU eine demokratische Wahl wegen solcher Unregelm\u00e4\u00dfigkeiten annulliert wurde. Dieser Schritt f\u00e4llt in eine Zeit, in der sich die konstitutionellen Demokratien Europas zunehmend ihrer Instrumente der wehrhaften Demokratie bewusst werden, und sie auch anzuwenden bereit sind. In Frankreich steht die Kandidatur Marine LePens bei der n\u00e4chsten Pr\u00e4sidentschaftswahl (selbstverschuldet) auf der Kippe, in Deutschland wurde die AfD als gesichert rechtsextremistische Bestrebung eingestuft. Die Bereitschaft scheint zu steigen, demokratische Verfahren, den Rechtsstaat und die Demokratie vor ihren Feinden und einer Einmischung von au\u00dfen zu sch\u00fctzen. In diesen Lagern wittert man in diesen Bestrebungen hingegen selbst eine unrechtm\u00e4\u00dfige Beschneidung des demokratischen Wettbewerbs und inszeniert sich (durchaus gekonnt) als Opfer des &#8218;Establishments&#8216;. Auf diese Narrative ist auch zur\u00fcckzuf\u00fchren, dass in der Wahlwiederholung in Rum\u00e4nien der Erfolg der AUR noch gr\u00f6\u00dfer ist als in der abgebrochenen Wahl von Ende 2024. <\/p>\n\n\n\n<p>Dieser Erfolg zeigt zugleich auch &#8211; und das machte unsere Podiumsdiskussion deutlich &#8211; dass es zu einfach w\u00e4re, die Schuld allein in einer &#8218;Einmischung von au\u00dfen&#8216; und in unlauterem Wahlkampf zu suchen und die Hoffnung allein auf die staatlichen Instrumente der wehrhaften Demokratie zu legen. Denn viele der Probleme, die den Aufstieg der Rechtspopulisten und -extremisten in vielen europ\u00e4ischen L\u00e4ndern erm\u00f6glichen, sind auch hausgemacht. Im Falle Rum\u00e4niens ist das etwa der Umstand, dass die gro\u00dfe europ\u00e4ische Arbeitsmigration viele soziale und \u00f6konomische Probleme des Landes weiter entsch\u00e4rft, ohne dass sie behoben werden. Hinzu kommen eine gro\u00dfe (soziale und regionale) Ungleichverteilung von \u00f6konomischen Chancen und sozialer und kultureller Teilhabe und ein politischer Betrieb, der oft als ein Regieren von Wenigen f\u00fcr Wenige wahrgenommen wird. Geschichts- und erinnerungspolitisch ist im ost- und s\u00fcdosteurop\u00e4ischen Raum sehr oft auch eine unzureichende Auseinandersetzung mit der eigenen Geschichte im Zweiten Weltkrieg und im Kalten Krieg ein weiterer Faktor daf\u00fcr, dass es die Rechten mit ihrer Geschichtsklitterung so leicht haben. <\/p>\n\n\n\n<p>Die effektivste und nachhaltigste Bek\u00e4mpfung der Kr\u00e4fte des Ressentiments, des Nationalismus und der Illiberalit\u00e4t besteht daher darin, diese &#8218;Performanz&#8216; der liberalen Demokratien in Europa zu verbessern. Politisch, indem mehr Teilhabe an Wohlstand, Chancen und Gestaltung erm\u00f6glicht wird. Gesellschaftlich, indem permanent f\u00fcr diese Werte und europ\u00e4ischen Bestrebungen gek\u00e4mpft wird &#8211; und daf\u00fcr auch seitens der Politik mehr M\u00f6glichkeitsr\u00e4ume ge\u00f6ffnet werden. Solange der N\u00e4hrboden der Zersetzung nicht entzogen wird, k\u00f6nnen nur Symptome bek\u00e4mpft werden. Daf\u00fcr k\u00f6nnen Verfassungsgerichte, Staatsanwaltschaften, Verfassungsschutzbeh\u00f6rden usw. wichtige Instrumente sein, aber sie sind kein Allheilmittel.<\/p>\n\n\n\n<h2 class=\"wp-block-heading\">Premiere gegl\u00fcckt: meine erste Co-Moderation<\/h2>\n\n\n\n<p>F\u00fcr mich pers\u00f6nlich war die M\u00f6glichkeit, die Podiumsdiskussion zu all diesen Fragen mit zu moderieren, ein wirklich gro\u00dfer Gewinn. Nicht nur dadurch, dass ich sehr viel \u00fcber eines unsere europ\u00e4ischen Partnerl\u00e4nder gelernt habe, das ich sonst wenig auf dem Radar habe. Sondern auch dadurch, dass ich spannende Menschen kennenlernen konnte, die mit ihrer Expertise all diese Fragen kenntnisreich und ausgewogen besprechen konnten. Vielen Dank daher an <a href=\"https:\/\/www.linkedin.com\/in\/roxana-alice-stoenescu-556660101\/\" target=\"_blank\" rel=\"noreferrer noopener\">Roxana Alice Stoenescu<\/a>, <a href=\"https:\/\/www.linkedin.com\/in\/bogdan-murgescu-05651636\/\" target=\"_blank\" rel=\"noreferrer noopener\">Bogdan Murgescu<\/a>, <a href=\"https:\/\/www.linkedin.com\/in\/lorin-stan-6132b917b\/\" target=\"_blank\" rel=\"noreferrer noopener\">Lorin Stan<\/a> und Henry Rammelt. <\/p>\n\n\n\n<p>Neu war f\u00fcr mich au\u00dferdem nicht nur das Thema, sondern auch das Format. Nach unz\u00e4hligen Podien, die ich bislang so moderiert habe, war es das erste Mal mit einer &#8218;richtigen&#8216; Co-Moderation. Danke daher auch noch mal an <a href=\"https:\/\/www.linkedin.com\/in\/valeska-bopp-filimonov-87834b26\/\">Valeska Bopp-Filimonov<\/a>, die sich auf dieses gemeinsame Experiment eingelassen hat. Die Idee dahinter war, auch in der Moderation schon zwei Perspektiven zusammenzubringen: einmal die starke Rum\u00e4nien-Expertise Frau Bopp-Filimonovs, besonders mit Blick auf Gesellschaft und Kultur, und zum anderen der politikwissenschaftliche Blick, der sich mit den vielf\u00e4ltigen Bedrohungen und der Verteidigung der Demokratie in Geschichte und Gegenwart besch\u00e4ftigt. Ich fand, dass sich das sehr sch\u00f6n erg\u00e4nzt hat, und auch dem Publikum hatte es offenbar sehr gut gefallen&#8230;<\/p>\n\n\n\n<figure class=\"wp-block-gallery has-nested-images columns-2 is-cropped wp-block-gallery-1 is-layout-flex wp-block-gallery-is-layout-flex\">\n<figure class=\"wp-block-image size-large\"><img loading=\"lazy\" decoding=\"async\" width=\"1024\" height=\"683\" data-id=\"843\" src=\"https:\/\/www.andreasbraune.de\/wp-content\/uploads\/2025\/05\/20250607_Romanistik054-1024x683.jpg\" alt=\"\" class=\"wp-image-843\" srcset=\"https:\/\/www.andreasbraune.de\/wp-content\/uploads\/2025\/05\/20250607_Romanistik054-1024x683.jpg 1024w, https:\/\/www.andreasbraune.de\/wp-content\/uploads\/2025\/05\/20250607_Romanistik054-300x200.jpg 300w, https:\/\/www.andreasbraune.de\/wp-content\/uploads\/2025\/05\/20250607_Romanistik054-768x512.jpg 768w, https:\/\/www.andreasbraune.de\/wp-content\/uploads\/2025\/05\/20250607_Romanistik054-1536x1024.jpg 1536w, https:\/\/www.andreasbraune.de\/wp-content\/uploads\/2025\/05\/20250607_Romanistik054-2048x1365.jpg 2048w\" sizes=\"auto, (max-width: 1024px) 100vw, 1024px\" \/><figcaption class=\"wp-element-caption\">Jun.-Prof. Dr. Valeska Bopp-Filimonov. Foto: J\u00fcrgen Scheere<\/figcaption><\/figure>\n\n\n\n<figure class=\"wp-block-image size-large\"><img loading=\"lazy\" decoding=\"async\" width=\"1024\" height=\"683\" data-id=\"845\" src=\"https:\/\/www.andreasbraune.de\/wp-content\/uploads\/2025\/05\/20250607_Romanistik342-1024x683.jpg\" alt=\"\" class=\"wp-image-845\" srcset=\"https:\/\/www.andreasbraune.de\/wp-content\/uploads\/2025\/05\/20250607_Romanistik342-1024x683.jpg 1024w, https:\/\/www.andreasbraune.de\/wp-content\/uploads\/2025\/05\/20250607_Romanistik342-300x200.jpg 300w, https:\/\/www.andreasbraune.de\/wp-content\/uploads\/2025\/05\/20250607_Romanistik342-768x512.jpg 768w, https:\/\/www.andreasbraune.de\/wp-content\/uploads\/2025\/05\/20250607_Romanistik342-1536x1024.jpg 1536w, https:\/\/www.andreasbraune.de\/wp-content\/uploads\/2025\/05\/20250607_Romanistik342-2048x1365.jpg 2048w\" sizes=\"auto, (max-width: 1024px) 100vw, 1024px\" \/><figcaption class=\"wp-element-caption\">Podiumsdiskussion \u201ePolitische Kultur im Wandel\u201c nach den Pr\u00e4sidentschaftswahlen in Rum\u00e4nien am 07.05.2025 in den Rosens\u00e4len der Universit\u00e4t Jena. Foto: J\u00fcrgen Scheere<\/figcaption><\/figure>\n\n\n\n<figure class=\"wp-block-image size-large\"><img loading=\"lazy\" decoding=\"async\" width=\"1024\" height=\"683\" data-id=\"844\" src=\"https:\/\/www.andreasbraune.de\/wp-content\/uploads\/2025\/05\/20250607_Romanistik351-1024x683.jpg\" alt=\"\" class=\"wp-image-844\" srcset=\"https:\/\/www.andreasbraune.de\/wp-content\/uploads\/2025\/05\/20250607_Romanistik351-1024x683.jpg 1024w, https:\/\/www.andreasbraune.de\/wp-content\/uploads\/2025\/05\/20250607_Romanistik351-300x200.jpg 300w, https:\/\/www.andreasbraune.de\/wp-content\/uploads\/2025\/05\/20250607_Romanistik351-768x512.jpg 768w, https:\/\/www.andreasbraune.de\/wp-content\/uploads\/2025\/05\/20250607_Romanistik351-1536x1024.jpg 1536w, https:\/\/www.andreasbraune.de\/wp-content\/uploads\/2025\/05\/20250607_Romanistik351-2048x1365.jpg 2048w\" sizes=\"auto, (max-width: 1024px) 100vw, 1024px\" \/><figcaption class=\"wp-element-caption\">Adriana-Loreta St\u0103nescu (rechts), Botschafterin von Rum\u00e4nien in Deutschland. Foto: J\u00fcrgen Scheere<\/figcaption><\/figure>\n\n\n\n<figure class=\"wp-block-image size-large\"><img loading=\"lazy\" decoding=\"async\" width=\"1024\" height=\"683\" data-id=\"847\" src=\"https:\/\/www.andreasbraune.de\/wp-content\/uploads\/2025\/05\/20250607_Romanistik453-1024x683.jpg\" alt=\"\" class=\"wp-image-847\" srcset=\"https:\/\/www.andreasbraune.de\/wp-content\/uploads\/2025\/05\/20250607_Romanistik453-1024x683.jpg 1024w, https:\/\/www.andreasbraune.de\/wp-content\/uploads\/2025\/05\/20250607_Romanistik453-300x200.jpg 300w, https:\/\/www.andreasbraune.de\/wp-content\/uploads\/2025\/05\/20250607_Romanistik453-768x512.jpg 768w, https:\/\/www.andreasbraune.de\/wp-content\/uploads\/2025\/05\/20250607_Romanistik453-1536x1024.jpg 1536w, https:\/\/www.andreasbraune.de\/wp-content\/uploads\/2025\/05\/20250607_Romanistik453-2048x1365.jpg 2048w\" sizes=\"auto, (max-width: 1024px) 100vw, 1024px\" \/><figcaption class=\"wp-element-caption\">Empfang nach der Podiumsdiskussion. Foto: J\u00fcrgen Scheere<\/figcaption><\/figure>\n\n\n\n<figure class=\"wp-block-image size-large\"><img loading=\"lazy\" decoding=\"async\" width=\"1024\" height=\"683\" data-id=\"848\" src=\"https:\/\/www.andreasbraune.de\/wp-content\/uploads\/2025\/05\/20250607_Romanistik456-1024x683.jpg\" alt=\"\" class=\"wp-image-848\" srcset=\"https:\/\/www.andreasbraune.de\/wp-content\/uploads\/2025\/05\/20250607_Romanistik456-1024x683.jpg 1024w, https:\/\/www.andreasbraune.de\/wp-content\/uploads\/2025\/05\/20250607_Romanistik456-300x200.jpg 300w, https:\/\/www.andreasbraune.de\/wp-content\/uploads\/2025\/05\/20250607_Romanistik456-768x512.jpg 768w, https:\/\/www.andreasbraune.de\/wp-content\/uploads\/2025\/05\/20250607_Romanistik456-1536x1024.jpg 1536w, https:\/\/www.andreasbraune.de\/wp-content\/uploads\/2025\/05\/20250607_Romanistik456-2048x1365.jpg 2048w\" sizes=\"auto, (max-width: 1024px) 100vw, 1024px\" \/><figcaption class=\"wp-element-caption\">Empfang nach der Podiumsdiskussion. Foto: J\u00fcrgen Scheere<\/figcaption><\/figure>\n\n\n\n<figure class=\"wp-block-image size-large\"><img loading=\"lazy\" decoding=\"async\" width=\"1024\" height=\"683\" data-id=\"846\" src=\"https:\/\/www.andreasbraune.de\/wp-content\/uploads\/2025\/05\/20250607_Romanistik478-1024x683.jpg\" alt=\"\" class=\"wp-image-846\" srcset=\"https:\/\/www.andreasbraune.de\/wp-content\/uploads\/2025\/05\/20250607_Romanistik478-1024x683.jpg 1024w, https:\/\/www.andreasbraune.de\/wp-content\/uploads\/2025\/05\/20250607_Romanistik478-300x200.jpg 300w, https:\/\/www.andreasbraune.de\/wp-content\/uploads\/2025\/05\/20250607_Romanistik478-768x512.jpg 768w, https:\/\/www.andreasbraune.de\/wp-content\/uploads\/2025\/05\/20250607_Romanistik478-1536x1024.jpg 1536w, https:\/\/www.andreasbraune.de\/wp-content\/uploads\/2025\/05\/20250607_Romanistik478-2048x1365.jpg 2048w\" sizes=\"auto, (max-width: 1024px) 100vw, 1024px\" \/><figcaption class=\"wp-element-caption\">Empfang nach der Podiumsdiskussion. Foto: J\u00fcrgen Scheere<\/figcaption><\/figure>\n<\/figure>\n\n\n<ol class=\"wp-block-footnotes\"><li id=\"5a5b36ad-d3b0-4def-b606-23b40abf7d5f\">Siehe <a href=\"https:\/\/www.destatis.de\/DE\/Themen\/Gesellschaft-Umwelt\/Bevoelkerung\/Migration-Integration\/Tabellen\/auslaendische-bevoelkerung-aufenthaltsdauer.html\" target=\"_blank\" rel=\"noreferrer noopener\">hier<\/a> <a href=\"#5a5b36ad-d3b0-4def-b606-23b40abf7d5f-link\" aria-label=\"Zur Fu\u00dfnotenreferenz 1 navigieren\">\u21a9\ufe0e<\/a><\/li><li id=\"fc65eea7-b970-4eb5-9d66-fbfda4fc3f39\">Siehe <a href=\"https:\/\/www.sogde.org\/de\/events\/rumanien-im-superwahljahr-2024\/\" target=\"_blank\" rel=\"noreferrer noopener\">hier<\/a>. Aus dem Programmtext haben wir zu Beginn der Veranstaltung zitiert, um deutlich zu machen, wie sehr sich innerhalb eines Jahres die Verh\u00e4ltnisse in Rum\u00e4nien ver\u00e4ndert haben und was bei der Wahl auf dem Spiel steht. <a href=\"#fc65eea7-b970-4eb5-9d66-fbfda4fc3f39-link\" aria-label=\"Zur Fu\u00dfnotenreferenz 2 navigieren\">\u21a9\ufe0e<\/a><\/li><\/ol>","protected":false},"excerpt":{"rendered":"<p>Rum\u00e4nien scheint manchmal weit weg, doch ist die zur Zeit laufende Pr\u00e4sidentschaftswahl wichtiger, als man denken k\u00f6nnte. Zumal es ihr zweiter Anlauf ist, nachdem der erste Wahlgang Ende 2024 wegen massiver Wahlbeeinflussung annulliert worden war. Am 7.5. habe ich in Jena zusammen mit Jun.-Prof. Dr. Valeska Bopp-Filimonov \u00fcber diesen bislang einmaligen Vorgang in der EU [&hellip;]<\/p>\n","protected":false},"author":1,"featured_media":842,"comment_status":"open","ping_status":"open","sticky":false,"template":"","format":"standard","meta":{"advanced_seo_description":"Rum\u00e4nien scheint manchmal weit weg, doch ist die zur Zeit laufende Pr\u00e4sidentschaftswahl wichtiger, als man denken k\u00f6nnte. Zumal es ihr zweiter Anlauf ist, nachdem der erste Wahlgang Ende 2024 wegen massiver Wahlbeeinflussung annulliert worden war. Am 7.5. habe ich in Jena zusammen mit Jun.-Prof. Dr. Valeska Bopp-Filimonov \u00fcber diesen bislang einmaligen Vorgang in der EU und die anstehende Wahl eine Podiumsdiskussion moderiert.","jetpack_seo_html_title":"Podiumsdiskussion zur Schicksalswahl in Rum\u00e4nien","jetpack_seo_noindex":false,"_themeisle_gutenberg_block_has_review":false,"_jetpack_memberships_contains_paid_content":false,"footnotes":"[{\"content\":\"Siehe <a href=\\\"https:\/\/www.destatis.de\/DE\/Themen\/Gesellschaft-Umwelt\/Bevoelkerung\/Migration-Integration\/Tabellen\/auslaendische-bevoelkerung-aufenthaltsdauer.html\\\" target=\\\"_blank\\\" rel=\\\"noreferrer noopener\\\">hier<\/a>\",\"id\":\"5a5b36ad-d3b0-4def-b606-23b40abf7d5f\"},{\"content\":\"Siehe <a href=\\\"https:\/\/www.sogde.org\/de\/events\/rumanien-im-superwahljahr-2024\/\\\" target=\\\"_blank\\\" rel=\\\"noreferrer noopener\\\">hier<\/a>. Aus dem Programmtext haben wir zu Beginn der Veranstaltung zitiert, um deutlich zu machen, wie sehr sich innerhalb eines Jahres die Verh\u00e4ltnisse in Rum\u00e4nien ver\u00e4ndert haben und was bei der Wahl auf dem Spiel steht.\",\"id\":\"fc65eea7-b970-4eb5-9d66-fbfda4fc3f39\"}]","jetpack_publicize_message":"","jetpack_publicize_feature_enabled":true,"jetpack_social_post_already_shared":false,"jetpack_social_options":{"image_generator_settings":{"template":"highway","enabled":false},"version":2}},"categories":[19],"tags":[],"class_list":["post-840","post","type-post","status-publish","format-standard","has-post-thumbnail","hentry","category-news"],"featured_image_src":"https:\/\/www.andreasbraune.de\/wp-content\/uploads\/2025\/05\/20250607_Romanistik259-scaled.jpg","author_info":{"display_name":"admin","author_link":"https:\/\/www.andreasbraune.de\/?author=1"},"jetpack_publicize_connections":[],"jetpack_featured_media_url":"https:\/\/www.andreasbraune.de\/wp-content\/uploads\/2025\/05\/20250607_Romanistik259-scaled.jpg","views":"","jetpack_sharing_enabled":true,"_links":{"self":[{"href":"https:\/\/www.andreasbraune.de\/index.php?rest_route=\/wp\/v2\/posts\/840","targetHints":{"allow":["GET"]}}],"collection":[{"href":"https:\/\/www.andreasbraune.de\/index.php?rest_route=\/wp\/v2\/posts"}],"about":[{"href":"https:\/\/www.andreasbraune.de\/index.php?rest_route=\/wp\/v2\/types\/post"}],"author":[{"embeddable":true,"href":"https:\/\/www.andreasbraune.de\/index.php?rest_route=\/wp\/v2\/users\/1"}],"replies":[{"embeddable":true,"href":"https:\/\/www.andreasbraune.de\/index.php?rest_route=%2Fwp%2Fv2%2Fcomments&post=840"}],"version-history":[{"count":5,"href":"https:\/\/www.andreasbraune.de\/index.php?rest_route=\/wp\/v2\/posts\/840\/revisions"}],"predecessor-version":[{"id":852,"href":"https:\/\/www.andreasbraune.de\/index.php?rest_route=\/wp\/v2\/posts\/840\/revisions\/852"}],"wp:featuredmedia":[{"embeddable":true,"href":"https:\/\/www.andreasbraune.de\/index.php?rest_route=\/wp\/v2\/media\/842"}],"wp:attachment":[{"href":"https:\/\/www.andreasbraune.de\/index.php?rest_route=%2Fwp%2Fv2%2Fmedia&parent=840"}],"wp:term":[{"taxonomy":"category","embeddable":true,"href":"https:\/\/www.andreasbraune.de\/index.php?rest_route=%2Fwp%2Fv2%2Fcategories&post=840"},{"taxonomy":"post_tag","embeddable":true,"href":"https:\/\/www.andreasbraune.de\/index.php?rest_route=%2Fwp%2Fv2%2Ftags&post=840"}],"curies":[{"name":"wp","href":"https:\/\/api.w.org\/{rel}","templated":true}]}}