{"id":296,"date":"2025-02-13T18:36:05","date_gmt":"2025-02-13T18:36:05","guid":{"rendered":"https:\/\/andreasbraune.de\/?p=296"},"modified":"2025-03-05T08:51:24","modified_gmt":"2025-03-05T08:51:24","slug":"zu-gast-bei-der-bundeszentrale-fuer-politische-bildung-gera-im-gespraech","status":"publish","type":"post","link":"https:\/\/www.andreasbraune.de\/?p=296","title":{"rendered":"Zu Gast bei der Bundeszentrale f\u00fcr politische Bildung: &#8222;Gera im Gespr\u00e4ch&#8220;&#8230;"},"content":{"rendered":"\n<p style=\"margin-top:var(--wp--preset--spacing--10);margin-bottom:var(--wp--preset--spacing--10)\">&#8230; \u00fcber das Vertrauen in die Demokratie, oder den Mangel daran.<\/p>\n\n\n\n<div class=\"wp-block-columns is-layout-flex wp-container-core-columns-is-layout-ff679dcb wp-block-columns-is-layout-flex\" style=\"margin-top:0;margin-bottom:0;padding-top:var(--wp--preset--spacing--20);padding-bottom:var(--wp--preset--spacing--20)\">\n<div class=\"wp-block-column is-layout-flow wp-block-column-is-layout-flow\">\n<figure class=\"wp-block-image size-large\"><img loading=\"lazy\" decoding=\"async\" width=\"1024\" height=\"682\" src=\"https:\/\/www.andreasbraune.de\/wp-content\/uploads\/2025\/02\/220917_BpB_bundesfoto_SW_028-1024x682.jpg\" alt=\"\" class=\"wp-image-300\" srcset=\"https:\/\/www.andreasbraune.de\/wp-content\/uploads\/2025\/02\/220917_BpB_bundesfoto_SW_028-1024x682.jpg 1024w, https:\/\/www.andreasbraune.de\/wp-content\/uploads\/2025\/02\/220917_BpB_bundesfoto_SW_028-300x200.jpg 300w, https:\/\/www.andreasbraune.de\/wp-content\/uploads\/2025\/02\/220917_BpB_bundesfoto_SW_028-768x512.jpg 768w, https:\/\/www.andreasbraune.de\/wp-content\/uploads\/2025\/02\/220917_BpB_bundesfoto_SW_028-1536x1024.jpg 1536w, https:\/\/www.andreasbraune.de\/wp-content\/uploads\/2025\/02\/220917_BpB_bundesfoto_SW_028-2048x1365.jpg 2048w\" sizes=\"auto, (max-width: 1024px) 100vw, 1024px\" \/><figcaption class=\"wp-element-caption\">Veranstaltung bpd in Gera (Kaiserwerke) &#8211; Gera im Gespr\u00e4ch, Podiumsveranstaltung mit Peggy Piesche (l.), Doreen Dennst\u00e4dt (Politikerin, Ministerin a. D., Mitte) und Dr. Andreas Braune (Politikwissenschaftler, rechts)<\/figcaption><\/figure>\n<\/div>\n\n\n\n<div class=\"wp-block-column is-layout-flow wp-block-column-is-layout-flow\">\n<p style=\"margin-top:var(--wp--preset--spacing--60);margin-bottom:var(--wp--preset--spacing--60)\">Eine sehr sch\u00f6ne Veranstaltung und tolles Gespr\u00e4ch mit <a href=\"https:\/\/www.linkedin.com\/in\/ACoAADh2vc8BtTj_um4r_9o4NridnQJd2TfyCLQ\"><\/a><a href=\"https:\/\/www.linkedin.com\/in\/doreen-denst%C3%A4dt-553301225\/\" target=\"_blank\" rel=\"noreferrer noopener\">Doreen Denst\u00e4dt<\/a>, <a href=\"https:\/\/www.linkedin.com\/in\/ACoAACEhzBMB0rnnsBUg6oI8J7o765ZYYNGFxiw\"><\/a><a href=\"https:\/\/www.linkedin.com\/in\/peggy-piesche-0171a8136\/\" target=\"_blank\" rel=\"noreferrer noopener\">Peggy Piesche<\/a> und vielen G\u00e4sten aus Gera, rechtzeitig vor der Wahl.<\/p>\n<\/div>\n<\/div>\n\n\n\n<p style=\"margin-top:0;margin-right:0;margin-bottom:0;margin-left:0\">Ich habe noch mal versucht, eine Lanze f\u00fcr die repr\u00e4sentative und parlamentarische Demokratie zu brechen. Unter anderem:<\/p>\n\n\n\n<ul class=\"wp-block-list\">\n<li>Was &#8222;das Volk&#8220; oder &#8222;das Land&#8220; will, entscheiden nicht Umfragen, Wahlplakate, die Stra\u00dfe, Telegram-Kan\u00e4le, steile Behauptungen oder das Bauchgef\u00fchl, sondern die W\u00e4hler*innen am Wahltag.<\/li>\n\n\n\n<li>&#8222;Wahlgewinner&#8220; ist nicht, wer die meisten Stimmen oder Zuw\u00e4chse verbuchen kann, sondern wem es gelingt, kompromissf\u00e4hige Mehrheiten nach dem Wahltag zu bilden.<\/li>\n\n\n\n<li>&#8222;Politikverdrossenheit&#8220; ist nicht mehr unser Problem, sondern eher eine \u00dcberpolitisierung, Idologisierung und Polarisierung, die sich bei manchen zur Demokratiefeindschaft steigert.<\/li>\n\n\n\n<li>Bitte etwas mehr Selbstvertrauen in die demokratischen Institutionen und die demokratische Zivilgesellschaft und weniger Bereitwilligkeit, dem Agendsetting der Vereinfacher zu folgen (mit Gru\u00df an die Medienlandschaft).<\/li>\n<\/ul>\n\n\n\n<p style=\"margin-top:0;margin-bottom:0\"><br>Danke f\u00fcr die Einladung, hat Spa\u00df gemacht!<\/p>\n","protected":false},"excerpt":{"rendered":"<p>&#8230; \u00fcber das Vertrauen in die Demokratie, oder den Mangel daran. Eine sehr sch\u00f6ne Veranstaltung und tolles Gespr\u00e4ch mit Doreen Denst\u00e4dt, Peggy Piesche und vielen G\u00e4sten aus Gera, rechtzeitig vor der Wahl. Ich habe noch mal versucht, eine Lanze f\u00fcr die repr\u00e4sentative und parlamentarische Demokratie zu brechen. Unter anderem: Danke f\u00fcr die Einladung, hat Spa\u00df [&hellip;]<\/p>\n","protected":false},"author":1,"featured_media":297,"comment_status":"open","ping_status":"open","sticky":false,"template":"","format":"standard","meta":{"advanced_seo_description":"","jetpack_seo_html_title":"","jetpack_seo_noindex":false,"_themeisle_gutenberg_block_has_review":false,"_jetpack_memberships_contains_paid_content":false,"footnotes":"","jetpack_publicize_message":"","jetpack_publicize_feature_enabled":true,"jetpack_social_post_already_shared":false,"jetpack_social_options":{"image_generator_settings":{"template":"highway","default_image_id":0,"font":"","enabled":false},"version":2}},"categories":[19],"tags":[],"class_list":["post-296","post","type-post","status-publish","format-standard","has-post-thumbnail","hentry","category-news"],"featured_image_src":"https:\/\/www.andreasbraune.de\/wp-content\/uploads\/2025\/02\/220917_BpB_bundesfoto_SW_009-scaled.jpg","author_info":{"display_name":"admin","author_link":"https:\/\/www.andreasbraune.de\/?author=1"},"jetpack_publicize_connections":[],"jetpack_featured_media_url":"https:\/\/www.andreasbraune.de\/wp-content\/uploads\/2025\/02\/220917_BpB_bundesfoto_SW_009-scaled.jpg","views":"","jetpack_sharing_enabled":false,"_links":{"self":[{"href":"https:\/\/www.andreasbraune.de\/index.php?rest_route=\/wp\/v2\/posts\/296","targetHints":{"allow":["GET"]}}],"collection":[{"href":"https:\/\/www.andreasbraune.de\/index.php?rest_route=\/wp\/v2\/posts"}],"about":[{"href":"https:\/\/www.andreasbraune.de\/index.php?rest_route=\/wp\/v2\/types\/post"}],"author":[{"embeddable":true,"href":"https:\/\/www.andreasbraune.de\/index.php?rest_route=\/wp\/v2\/users\/1"}],"replies":[{"embeddable":true,"href":"https:\/\/www.andreasbraune.de\/index.php?rest_route=%2Fwp%2Fv2%2Fcomments&post=296"}],"version-history":[{"count":6,"href":"https:\/\/www.andreasbraune.de\/index.php?rest_route=\/wp\/v2\/posts\/296\/revisions"}],"predecessor-version":[{"id":404,"href":"https:\/\/www.andreasbraune.de\/index.php?rest_route=\/wp\/v2\/posts\/296\/revisions\/404"}],"wp:featuredmedia":[{"embeddable":true,"href":"https:\/\/www.andreasbraune.de\/index.php?rest_route=\/wp\/v2\/media\/297"}],"wp:attachment":[{"href":"https:\/\/www.andreasbraune.de\/index.php?rest_route=%2Fwp%2Fv2%2Fmedia&parent=296"}],"wp:term":[{"taxonomy":"category","embeddable":true,"href":"https:\/\/www.andreasbraune.de\/index.php?rest_route=%2Fwp%2Fv2%2Fcategories&post=296"},{"taxonomy":"post_tag","embeddable":true,"href":"https:\/\/www.andreasbraune.de\/index.php?rest_route=%2Fwp%2Fv2%2Ftags&post=296"}],"curies":[{"name":"wp","href":"https:\/\/api.w.org\/{rel}","templated":true}]}}